{"id":75,"date":"2023-11-24T09:23:35","date_gmt":"2023-11-24T08:23:35","guid":{"rendered":"https:\/\/eric-mon-osteo-paris.fr\/?p=75"},"modified":"2025-05-08T21:24:02","modified_gmt":"2025-05-08T19:24:02","slug":"partenariat","status":"publish","type":"post","link":"https:\/\/eric-mon-osteo-paris.fr\/?p=75","title":{"rendered":"Partenariats"},"content":{"rendered":"\n<p><em>En dehors, des centres pluridisciplinaires o\u00f9 <a href=\"https:\/\/www.wekare.eu\/praticien\/eric-fournaud\" target=\"_blank\" rel=\"noreferrer noopener\">j\u2019exerce<\/a>, j\u2019interviens en externe&nbsp; dans le cadre de partenariats (lien ) au profit d\u2019associations sportives ou de soutien aux personnes invalides ou bless\u00e9s ou de structures priv\u00e9es.<\/em> <\/p>\n\n\n\n<div class=\"wp-block-columns is-layout-flex wp-container-core-columns-is-layout-9d6595d7 wp-block-columns-is-layout-flex\">\n<div class=\"wp-block-column is-layout-flow wp-block-column-is-layout-flow\" style=\"flex-basis:25%\">\n<figure class=\"wp-block-gallery has-nested-images columns-default is-cropped wp-block-gallery-1 is-layout-flex wp-block-gallery-is-layout-flex\">\n<figure class=\"wp-block-image size-large is-style-default\"><img loading=\"lazy\" decoding=\"async\" width=\"320\" height=\"157\" data-id=\"433\" src=\"https:\/\/eric-mon-osteo-paris.fr\/wp-content\/uploads\/2023\/11\/telechargement-Logo-Resilience-2.png\" alt=\"\" class=\"wp-image-433\" srcset=\"https:\/\/eric-mon-osteo-paris.fr\/wp-content\/uploads\/2023\/11\/telechargement-Logo-Resilience-2.png 320w, https:\/\/eric-mon-osteo-paris.fr\/wp-content\/uploads\/2023\/11\/telechargement-Logo-Resilience-2-300x147.png 300w\" sizes=\"auto, (max-width: 320px) 100vw, 320px\" \/><\/figure>\n<\/figure>\n<\/div>\n\n\n\n<div class=\"wp-block-column is-layout-flow wp-block-column-is-layout-flow\" style=\"flex-basis:50%\">\n<p><strong>Fondation R\u00e9silience  <\/strong>: La Fondation accueille \u00e0 Br\u00e9nod dans sa maison des v\u00e9t\u00e9tans bless\u00e9s ceux en grande pr\u00e9carit\u00e9 sociale et d\u00e9tresse pyschologique. Prise en charge ost\u00e9opathique \u00e0 <a href=\"https:\/\/www.doctolib.fr\/osteopathe\/paris\/eric-fournaud#pricing\">tarifs pr\u00e9f\u00e9rentiels<\/a> en centres pluridisciplinaires des bless\u00e9s et de leurs proches accompagnants et, \u00e0 titre gracieux , \u00e0 la Fondation ou lors d&rsquo;interventions pluridisciplinaires ext\u00e9rieures au profit <a href=\"https:\/\/escale-soutien-blesses.fr\/premier-week-end-discussion-entre-conjoints\/\">des bless\u00e9(e)s et des aidant(e)s<\/a> ou d&rsquo;\u00e9venements sportifs inclusifs de bless\u00e9s.<\/p>\n<\/div>\n\n\n\n<div class=\"wp-block-column is-layout-flow wp-block-column-is-layout-flow\" style=\"flex-basis:25%\"><a class=\"wp-block-read-more\" href=\"https:\/\/eric-mon-osteo-paris.fr\/?p=75\" target=\"_self\">https:\/\/fd-resilience.org\/ <span class=\"screen-reader-text\">\u00a0: Partenariats<\/span><\/a><\/div>\n<\/div>\n\n\n\n<div class=\"wp-block-columns is-layout-flex wp-container-core-columns-is-layout-9d6595d7 wp-block-columns-is-layout-flex\">\n<div class=\"wp-block-column is-layout-flow wp-block-column-is-layout-flow\" style=\"flex-basis:25%\">\n<figure class=\"wp-block-image size-full\"><img loading=\"lazy\" decoding=\"async\" width=\"919\" height=\"240\" src=\"https:\/\/eric-mon-osteo-paris.fr\/wp-content\/uploads\/2023\/12\/croppedimage-Vimvitae.png\" alt=\"\" class=\"wp-image-232\" srcset=\"https:\/\/eric-mon-osteo-paris.fr\/wp-content\/uploads\/2023\/12\/croppedimage-Vimvitae.png 919w, https:\/\/eric-mon-osteo-paris.fr\/wp-content\/uploads\/2023\/12\/croppedimage-Vimvitae-300x78.png 300w, https:\/\/eric-mon-osteo-paris.fr\/wp-content\/uploads\/2023\/12\/croppedimage-Vimvitae-768x201.png 768w\" sizes=\"auto, (max-width: 919px) 100vw, 919px\" \/><\/figure>\n<\/div>\n\n\n\n<div class=\"wp-block-column is-layout-flow wp-block-column-is-layout-flow\" style=\"flex-basis:50%\">\n<p><strong>Vimvitae <\/strong>: Association de promotion des recherche et formation pluridisciplinaires des professionnels de (la) sant\u00e9 engag\u00e9s pour un parcours de soin concert\u00e9 du patient.<\/p>\n<\/div>\n\n\n\n<div class=\"wp-block-column is-layout-flow wp-block-column-is-layout-flow\" style=\"flex-basis:25%\">\n<p><a href=\"https:\/\/www.helloasso.com\/associations\/vimvitae\">https:\/\/www.helloasso.com\/associations\/vimvitae<\/a><\/p>\n<\/div>\n<\/div>\n\n\n\n<p>En 2023, <strong>soins ost\u00e9opathiques <em>in situ<\/em> au profit de sportifs valides :<\/strong><\/p>\n\n\n\n<ul class=\"wp-block-list\">\n<li><strong>Lors d&rsquo;entrainement hebdomadaire<\/strong>s d&rsquo;\u00e9quipes de Rugby au stade de Vincennes et de jeunes footballers \u00e0 Massy-Palaiseau ;<\/li>\n\n\n\n<li><strong>Lors de comp\u00e9titions de Triathlon, Aviron et Course<\/strong> ; <\/li>\n\n\n\n<li><strong>Lors d&rsquo;\u00e9v\u00e9nementiels sportifs <\/strong>: journ\u00e9e portes ouvertes de club sportif (Do In Sport), <a href=\"https:\/\/eric-mon-osteo-paris.fr\/?p=58\">stages<\/a> ou passage de grades de disciplines martiales.  <\/li>\n<\/ul>\n\n\n\n<p><strong>Soins ost\u00e9opathiques in situ au profit de sportifs invalides valides :  <\/strong><\/p>\n\n\n\n<ul class=\"wp-block-list\">\n<li>Journ\u00e9e des <strong> <a href=\"https:\/\/www.vivre-ensemble78.com\/actualit%C3%A9s-2023\/\" target=\"_blank\" rel=\"noreferrer noopener\">Olympiades du vivre ensemble \u00e0 Versailles<\/a><\/strong><\/li>\n<\/ul>\n","protected":false},"excerpt":{"rendered":"<p>En dehors, des centres pluridisciplinaires o\u00f9 j\u2019exerce, j\u2019interviens en externe&nbsp; dans le cadre de partenariats (lien ) au profit d\u2019associations sportives ou de soutien aux [&hellip;]<\/p>\n","protected":false},"author":1,"featured_media":0,"comment_status":"closed","ping_status":"","sticky":false,"template":"","format":"standard","meta":{"footnotes":""},"categories":[1],"tags":[],"class_list":["post-75","post","type-post","status-publish","format-standard","hentry","category-uncategorized"],"_links":{"self":[{"href":"https:\/\/eric-mon-osteo-paris.fr\/index.php?rest_route=\/wp\/v2\/posts\/75","targetHints":{"allow":["GET"]}}],"collection":[{"href":"https:\/\/eric-mon-osteo-paris.fr\/index.php?rest_route=\/wp\/v2\/posts"}],"about":[{"href":"https:\/\/eric-mon-osteo-paris.fr\/index.php?rest_route=\/wp\/v2\/types\/post"}],"author":[{"embeddable":true,"href":"https:\/\/eric-mon-osteo-paris.fr\/index.php?rest_route=\/wp\/v2\/users\/1"}],"replies":[{"embeddable":true,"href":"https:\/\/eric-mon-osteo-paris.fr\/index.php?rest_route=%2Fwp%2Fv2%2Fcomments&post=75"}],"version-history":[{"count":23,"href":"https:\/\/eric-mon-osteo-paris.fr\/index.php?rest_route=\/wp\/v2\/posts\/75\/revisions"}],"predecessor-version":[{"id":442,"href":"https:\/\/eric-mon-osteo-paris.fr\/index.php?rest_route=\/wp\/v2\/posts\/75\/revisions\/442"}],"wp:attachment":[{"href":"https:\/\/eric-mon-osteo-paris.fr\/index.php?rest_route=%2Fwp%2Fv2%2Fmedia&parent=75"}],"wp:term":[{"taxonomy":"category","embeddable":true,"href":"https:\/\/eric-mon-osteo-paris.fr\/index.php?rest_route=%2Fwp%2Fv2%2Fcategories&post=75"},{"taxonomy":"post_tag","embeddable":true,"href":"https:\/\/eric-mon-osteo-paris.fr\/index.php?rest_route=%2Fwp%2Fv2%2Ftags&post=75"}],"curies":[{"name":"wp","href":"https:\/\/api.w.org\/{rel}","templated":true}]}}